{"id":931,"date":"2014-09-11T11:19:19","date_gmt":"2014-09-11T09:19:19","guid":{"rendered":"https:\/\/www.cienciacognitiva.org\/?p=931"},"modified":"2014-09-11T11:21:55","modified_gmt":"2014-09-11T09:21:55","slug":"antonio-banderas-o-brad-pitt-como-resuelve-nuestro-cerebro-la-interferencia-entre-personas","status":"publish","type":"post","link":"https:\/\/www.cienciacognitiva.org\/?p=931","title":{"rendered":"\u00bfAntonio Banderas o Brad Pitt? C\u00f3mo resuelve nuestro cerebro la interferencia entre personas"},"content":{"rendered":"<p>Catarina S. Ferreira (a) y Alejandra Marful (b)<br \/>\n(a) Centro de Investigaci\u00f3n Mente, Cerebro y Comportamiento, Universidad de Granada, Espa\u00f1a<br \/>\n(b) Dept. de Psicolog\u00eda, Universidad de Ja\u00e9n, Espa\u00f1a<\/p>\n<div style=\"width: 310px\" class=\"wp-caption alignleft\"><img loading=\"lazy\" decoding=\"async\" class=\" \" alt=\"(cc) Julio Santiago.\" src=\"https:\/\/www.cienciacognitiva.org\/files\/2014-14-cc-JulioSantiago.jpeg\" width=\"300\" height=\"392\" \/><p class=\"wp-caption-text\">(cc) Julio Santiago.<\/p><\/div>\n<p><em>Posiblemente, una de las situaciones m\u00e1s embarazosas desde un punto de vista social consiste en encontrarnos con alguien que conocemos bien y no ser capaces de recordar su nombre. En nuestro laboratorio hemos estudiado los mecanismos implicados en el recuerdo de nombres de personas y demostramos que el recuerdo de personas parece ser similar al de objetos (al menos en situaciones de interferencia). La aparici\u00f3n y resoluci\u00f3n de esta interferencia se refleja en actividad theta generada por \u00e1reas cerebrales relacionadas con la detecci\u00f3n de conflicto. Nuestros resultados pueden ayudar a explicar dificultades experimentadas en la denominaci\u00f3n de personas, especialmente en colectivos como las personas mayores.<!--more--><\/em><\/p>\n<p><a title=\"versi\u00f3n en pdf\" href=\"https:\/\/www.cienciacognitiva.org\/files\/2014-14.pdf\">[Versi\u00f3n en pdf]<\/a><\/p>\n<p>Aunque desde un punto de vista fenomenol\u00f3gico reconocer una cara pueda parecer sencillo, desde un punto de vista cognitivo se trata de un proceso bastante complejo (v\u00e9anse <a title=\"Casado Ramos, 2014\" href=\"https:\/\/www.cienciacognitiva.org\/?p=854\" target=\"_blank\">Casado Ramos, 2014<\/a>; <a title=\"Mart\u00edn-Luengo y Luna, 2013\" href=\"https:\/\/ww.cienciacognitiva.org\/?p=768\" target=\"_blank\">Mart\u00edn-Luengo y Luna, 2013<\/a>). En un brev\u00edsimo intervalo temporal debemos ser capaces de discriminar entre individuos familiares o desconocidos a partir, \u00fanicamente, de sutiles diferencias en sus configuraciones faciales. M\u00e1s a\u00fan, recordamos su edad, g\u00e9nero, su profesi\u00f3n o nombre. Distintos modelos de procesamiento de caras proponen que a la hora de reconocer a una persona puede generarse una situaci\u00f3n de interferencia, en la que distintas caras que comparten algo (su apariencia, su profesi\u00f3n, etc.) compiten para ser recuperadas (Burton, Bruce y Hancock, 1999). \u00bfC\u00f3mo somos capaces de seleccionar \u00fanicamente la informaci\u00f3n que necesitamos entre esta multitud de representaciones que compiten entre s\u00ed?<\/p>\n<p>Fuera del \u00e1mbito del procesamiento facial (en el de los objetos inanimados) se ha propuesto que la selecci\u00f3n de la informaci\u00f3n deseada tiene lugar gracias a la inhibici\u00f3n de los est\u00edmulos interferentes (Anderson, Bjork y Bjork, 1994). Entonces, \u00bfpodr\u00eda un mecanismo inhibitorio similar estar involucrado en el procesamiento de caras? La respuesta no es clara. Por un lado, existe un gran n\u00famero de estudios que mantienen que las caras (y otras representaciones personales) gozan de un estatus especial en la cognici\u00f3n cuando se comparan con los objetos (Farah, 1996). Esta hip\u00f3tesis se apoya en datos conductuales, electrofisiol\u00f3gicos y de neuroimagen. Por otro lado, tambi\u00e9n se ha propuesto que las caras no ser\u00edan diferentes a otros objetos, y los resultados previos se explicar\u00edan debido a que las caras son est\u00edmulos complejos con los que tenemos mucha experiencia (Diamond y Carey, 1986). As\u00ed, no est\u00e1 claro si el mismo tipo de mecanismo que permite solucionar la interferencia entre objetos se aplicar\u00eda tambi\u00e9n a las caras. Si el procesamiento de caras es similar al de objetos, esperar\u00edamos que se pusieran en marcha los mismos mecanismos inhibitorios para resolver una situaci\u00f3n de interferencia.<\/p>\n<p>Con el objetivo de evaluar esta hip\u00f3tesis realizamos una investigaci\u00f3n (Ferreira, Marful, Staudigl, Bajo y Hanslmayr, 2014) empleando el paradigma de pr\u00e1ctica en la recuperaci\u00f3n. La tarea de los participantes consist\u00eda en recordar el nombre de famosos con diferentes profesiones (actores, cantantes, etc.). Para ello, se presentaban primero, en una fase de estudio, las caras con sus nombres y profesiones (v\u00e9ase la Figura 1). A continuaci\u00f3n, en una fase de pr\u00e1ctica, se presentaba la profesi\u00f3n (p.ej., \u201cactor\u201d) seguida de la fotograf\u00eda del famoso (p.ej., Banderas). Esper\u00e1bamos que al presentarse la profesi\u00f3n (\u201cactor\u201d), los nombres de varios actores resultasen activados, compitiendo entre s\u00ed. Esta competici\u00f3n se resolver\u00eda al presentarse la fotograf\u00eda del famoso. En ese momento, el participante seleccionar\u00eda el nombre deseado, gracias a la inhibici\u00f3n de los nombres competidores.<\/p>\n<div style=\"width: 1088px\" class=\"wp-caption aligncenter\"><img loading=\"lazy\" decoding=\"async\" alt=\"Figura 1\" src=\"https:\/\/www.cienciacognitiva.org\/files\/2014-14-f1.jpg\" width=\"1078\" height=\"567\" \/><p class=\"wp-caption-text\">Figura 1.\u2013 Esquema del procedimiento del estudio. El procedimiento es una adaptaci\u00f3n del paradigma de pr\u00e1ctica en la recuperaci\u00f3n, utilizando como est\u00edmulos caras de personas famosas. El registro de EEG se hac\u00eda durante la fase de pr\u00e1ctica.<\/p><\/div>\n<p>Nuestros resultados mostraron que, efectivamente, estos nombres competidores resultaban inhibidos (i.e., los nombres competidores se recordaban en menor medida que el resto en una fase final de test). Por lo tanto, parece ser que mecanismos de inhibici\u00f3n activa intervienen en el reconocimiento de caras, sugiriendo que, al menos para hacer frente a la interferencia, el reconocimiento de caras puede ser similar al de objetos.<\/p>\n<p>Adem\u00e1s, registramos la actividad cerebral de los participantes mientras realizaban esta tarea. Los resultados electrofisiol\u00f3gicos mostraron un incremento de la actividad theta (~4-7Hz) al presentarse la profesi\u00f3n (v\u00e9ase la Figura 2). El incremento en esta frecuencia ha sido asociado a procesos de interferencia (Hanslmayr y cols., 2008) y estar\u00eda reflejando la activaci\u00f3n de varios \u201cactores\u201d. Sin embargo, cuando aparece la fotograf\u00eda de Banderas, el poder de theta baja significativamente, indicando de forma indirecta que la inhibici\u00f3n ha suprimido los nombres de actores competidores. Adem\u00e1s, cuando se compara el poder de theta en el momento en el que el participante ve la profesi\u00f3n respecto al momento en el que ve la cara, se observa que, cuanto mayor es la bajada en el poder theta, mayor es el olvido de los competidores en el test final de memoria. Finalmente, en un an\u00e1lisis de localizaci\u00f3n de fuente, encontramos que esta actividad theta parece tener su origen en la corteza cingulada anterior (Figura 3), que ha sido tradicionalmente asociada a la detecci\u00f3n de interferencia (Botvinick, Braver, Barch, Carter y Cohen, 2001).<\/p>\n<div style=\"width: 410px\" class=\"wp-caption aligncenter\"><img loading=\"lazy\" decoding=\"async\" class=\" \" alt=\"Figura 2\" src=\"https:\/\/www.cienciacognitiva.org\/files\/2014-14-f2.jpg\" width=\"400\" height=\"395\" \/><p class=\"wp-caption-text\">Figura 2.\u2013 Topograf\u00eda de la activaci\u00f3n en la banda de frecuencia theta, al presentar una determinada categor\u00eda ocupacional (p.ej., Actores). Este aumento de activaci\u00f3n ser\u00eda un reflejo de la aparici\u00f3n de la interferencia.<\/p><\/div>\n<div style=\"width: 560px\" class=\"wp-caption aligncenter\"><img loading=\"lazy\" decoding=\"async\" class=\" \" alt=\"Figura 3\" src=\"https:\/\/www.cienciacognitiva.org\/files\/2014-14-f3.jpg\" width=\"550\" height=\"267\" \/><p class=\"wp-caption-text\">Figura 3.\u2013 Localizaci\u00f3n de la fuente de actividad theta. Las oscilaciones theta parecen tener su origen en la corteza cingulada, que se asocia a la detecci\u00f3n de situaciones de conflicto.<\/p><\/div>\n<p>La importancia de estos datos reside en que este mecanismo podr\u00eda ayudar a explicar nuestras dificultades cotidianas en el recuerdo de personas. Por ejemplo, la imposibilidad de recordar el nombre de una persona que conocemos bien podr\u00eda deberse a que no somos capaces de suprimir los nombres competidores. En esta l\u00ednea, estudios recientes muestran c\u00f3mo las dificultades en denominaci\u00f3n que experimentan las personas mayores pueden deberse en parte a un d\u00e9ficit inhibitorio (Marful, G\u00f3mez Amado, Ferreira y Bajo, en prensa).<\/p>\n<p>En conclusi\u00f3n, nuestro estudio muestra que mecanismos inhibitorios influyen en la resoluci\u00f3n de la interferencia durante el recuerdo de caras y nombres. Esta interferencia se refleja en un incremento de actividad en la frecuencia theta, que se reduce cuando la interferencia se soluciona.<\/p>\n<p><strong>Referencias<\/strong><\/p>\n<p>Anderson, M. C., Bjork, R. A., y Bjork, E. L. (1994). Remembering can cause forgetting: Retrieval dynamics in long term memory. <em>Journal of Experimental Psychology: Learning, Memory and Cognition<\/em>, 20, 1063\u20131087.<\/p>\n<p>Botvinick, M. M., Braver, T. S., Barch, D. M., Carter, C. S., y Cohen, J. D. (2001). Conflict monitoring and cognitive control. <em>Psychological Review<\/em>, 108, 624\u2013652.<\/p>\n<p>Burton, A. M., Bruce, V., y Hancock, P. J. B. (1999). From pixels to people: A model of familiar face recognition. <em>Cognitive Science<\/em>, 23, 1-31.<\/p>\n<p>Diamond, R., y Carey, S. (1986). Why faces are and are not special: An effect of expertise. <em>Journal of Experimental Psychology: General<\/em>, 115, 107\u2013117.<\/p>\n<p>Farah, M. J. (1996). Is face recognition \u201cspecial\u201d? Evidence from neuropsychology. <em>Behavioral Brain Research<\/em>, 76, 181-189.<\/p>\n<p>Ferreira, C. S., Marful, A., Staudigl, T., Bajo, M. T., y Hanslmayr, S. (2014). Medial prefrontal theta oscillations track the time course of interference during selective memory retrieval. <em>Journal of Cognitive Neuroscience<\/em>, 26, 777-791.<\/p>\n<p>Hasher, L., y Zacks, R. T. (1988).Working memory, comprehension, and aging: A review and a new view. En G. H. Bower (Ed.), <em>The Psychology of Learning and Motivation<\/em>, Vol. 22 (pp. 193-225). New York: Academic Press.<\/p>\n<p>Hanslmayr, S., Past\u00f6tter, B., B\u00e4uml, K.-H., Gruber, S., Wimber, M., y Klimesch, W. (2008). The electrophysiological dynamics of interference during the Stroop task. <em>Journal of Cognitive Neuroscience<\/em>, 20, 215\u2013225.<\/p>\n<p>Marful, A., G\u00f3mez Amado, C., Ferreira, C., y Bajo, M. T. (en prensa). Face naming and retrieval inhibition in the old and very old age. <em>Experimental Aging Research.<\/em><\/p>\n<p style=\"text-align: center;\">Manuscrito recibido el 28 de mayo de 2014.<br \/>\nAceptado el 9 de agosto de 2014.<\/p>\n","protected":false},"excerpt":{"rendered":"<p>Catarina S. Ferreira (a) y Alejandra Marful (b) (a) Centro de Investigaci\u00f3n Mente, Cerebro y Comportamiento, Universidad de Granada, Espa\u00f1a <span class=\"ellipsis\">&hellip;<\/span> <span class=\"more-link-wrap\"><a href=\"https:\/\/www.cienciacognitiva.org\/?p=931\" class=\"more-link\"><span>Read More &rarr;<\/span><\/a><\/span><\/p>\n","protected":false},"author":4,"featured_media":0,"comment_status":"closed","ping_status":"closed","sticky":false,"template":"","format":"standard","meta":{"footnotes":""},"categories":[16,4,3],"tags":[260,231,283,42,468],"class_list":["post-931","post","type-post","status-publish","format-standard","hentry","category-actualidad","category-neurociencia","category-psicologia","tag-envejecimiento","tag-inhibicion","tag-interferencia","tag-memoria","tag-reconocimiento-de-caras"],"_links":{"self":[{"href":"https:\/\/www.cienciacognitiva.org\/index.php?rest_route=\/wp\/v2\/posts\/931","targetHints":{"allow":["GET"]}}],"collection":[{"href":"https:\/\/www.cienciacognitiva.org\/index.php?rest_route=\/wp\/v2\/posts"}],"about":[{"href":"https:\/\/www.cienciacognitiva.org\/index.php?rest_route=\/wp\/v2\/types\/post"}],"author":[{"embeddable":true,"href":"https:\/\/www.cienciacognitiva.org\/index.php?rest_route=\/wp\/v2\/users\/4"}],"replies":[{"embeddable":true,"href":"https:\/\/www.cienciacognitiva.org\/index.php?rest_route=%2Fwp%2Fv2%2Fcomments&post=931"}],"version-history":[{"count":8,"href":"https:\/\/www.cienciacognitiva.org\/index.php?rest_route=\/wp\/v2\/posts\/931\/revisions"}],"predecessor-version":[{"id":938,"href":"https:\/\/www.cienciacognitiva.org\/index.php?rest_route=\/wp\/v2\/posts\/931\/revisions\/938"}],"wp:attachment":[{"href":"https:\/\/www.cienciacognitiva.org\/index.php?rest_route=%2Fwp%2Fv2%2Fmedia&parent=931"}],"wp:term":[{"taxonomy":"category","embeddable":true,"href":"https:\/\/www.cienciacognitiva.org\/index.php?rest_route=%2Fwp%2Fv2%2Fcategories&post=931"},{"taxonomy":"post_tag","embeddable":true,"href":"https:\/\/www.cienciacognitiva.org\/index.php?rest_route=%2Fwp%2Fv2%2Ftags&post=931"}],"curies":[{"name":"wp","href":"https:\/\/api.w.org\/{rel}","templated":true}]}}