{"id":915,"date":"2014-08-02T20:28:00","date_gmt":"2014-08-02T18:28:00","guid":{"rendered":"https:\/\/www.cienciacognitiva.org\/?p=915"},"modified":"2014-08-02T20:30:02","modified_gmt":"2014-08-02T18:30:02","slug":"100-anos-del-nacimiento-de-la-psicologia-comparada-en-tenerife-ii-desde-el-cierre-de-la-estacion-a-nuestros-dias","status":"publish","type":"post","link":"https:\/\/www.cienciacognitiva.org\/?p=915","title":{"rendered":"100 a\u00f1os del nacimiento de la Psicolog\u00eda Comparada en Tenerife (II):  Desde el cierre de la estaci\u00f3n a nuestros d\u00edas"},"content":{"rendered":"<p>Carlos J. \u00c1lvarez (1) y Melchor Hern\u00e1ndez Castilla (2)<br \/>\n(1) Universidad de La Laguna, Espa\u00f1a<br \/>\n(2) Asociaci\u00f3n Wolfgang K\u00f6hler, Espa\u00f1a<\/p>\n<div style=\"width: 310px\" class=\"wp-caption alignleft\"><img loading=\"lazy\" decoding=\"async\" class=\" \" alt=\"La Casa Amarilla en la actualidad. (cc) Carlos \u00c1lvarez.\" src=\"https:\/\/www.cienciacognitiva.org\/files\/2014-15-cc-Carlos\u00c1lvarez.jpg\" width=\"300\" height=\"225\" \/><p class=\"wp-caption-text\">La Casa Amarilla en la actualidad. (cc) Carlos \u00c1lvarez.<\/p><\/div>\n<p><em>Continuamos conmemorando los 100 a\u00f1os de la fundaci\u00f3n de la primera estaci\u00f3n de antropoides del mundo en Tenerife en 1913, as\u00ed como el comienzo de los experimentos con chimpanc\u00e9s de K\u00f6hler en 1914. Este segundo art\u00edculo se centra en el final de la Estaci\u00f3n de Antropoides de Tenerife, su clausura tras la I Guerra Mundial, la vuelta de K\u00f6hler a Alemania, y su exilio a EEUU hasta su muerte. Tambi\u00e9n se describen los esfuerzos realizados hasta la fecha para salvar y restaurar este Patrimonio Cient\u00edfico, as\u00ed como su estado actual.<\/em><\/p>\n<p><!--more--><\/p>\n<p><a title=\"versi\u00f3n en pdf\" href=\"https:\/\/www.cienciacognitiva.org\/files\/2014-15.pdf\">[Versi\u00f3n en pdf]<\/a><\/p>\n<p>Tras la capitulaci\u00f3n de Alemania en la guerra, el mantenimiento del primer centro de investigaci\u00f3n con chimpanc\u00e9s del mundo se hace inviable. Por ello, se cierra en julio de 1920 poco despu\u00e9s de que la Estaci\u00f3n de Antropoides de Tenerife hubiera sido trasladada a la finca \u201cEl Cipr\u00e9s\u201d (Figura 1). K\u00f6hler vuelve a Alemania en mayo de 1920 y los chimpanc\u00e9s quedan a cargo de Manolo \u201cel de los machangos\u201d. En octubre de 1920 llegan al zoo de Berl\u00edn desde Tenerife. Tras un contrato de un curso en la Universidad de G\u00f6ttingen, Wolfgang K\u00f6hler ocupa una c\u00e1tedra en la Universidad de Berl\u00edn en 1921 y comienza a dirigir el prestigioso Instituto de Psicolog\u00eda. Como curiosidad, en la d\u00e9cada de los noventa, Ronald Ley, profesor de psicolog\u00eda de la University of New York, public\u00f3 un best seller titulado \u201cA Whisper of Espionage\u201d. Tras una investigaci\u00f3n casi detectivesca que le llev\u00f3 a Tenerife y tras consultar numerosas fuentes, Ley lleg\u00f3 a la conclusi\u00f3n de que W. K\u00f6hler fue, adem\u00e1s, esp\u00eda alem\u00e1n durante la I Guerra Mundial. De hecho, as\u00ed fue denunciado por el c\u00f3nsul brit\u00e1nico en Canarias durante su estancia en Tenerife (Ley, 1990).<\/p>\n<div style=\"width: 510px\" class=\"wp-caption aligncenter\"><img loading=\"lazy\" decoding=\"async\" class=\" \" alt=\"Figura 1\" src=\"https:\/\/www.cienciacognitiva.org\/files\/2014-15-f1.jpg\" width=\"500\" height=\"375\" \/><p class=\"wp-caption-text\">Figura 1.- Carlos \u00c1lvarez, Josep Call y Melchor Hern\u00e1ndez en la finca \u201cEl Cipr\u00e9s\u201d.<\/p><\/div>\n<p>En 1927, K\u00f6hler visit\u00f3 Espa\u00f1a. Estuvo tanto en Barcelona, en el Institut d\u00b4Orientaci\u00f3 Professional, como en la Instituci\u00f3n Libre de Ense\u00f1anza en Madrid. En ambos lugares imparti\u00f3 la conferencia \u201cEl problema de la Psicolog\u00eda de la Forma\u201d. Ortega y Gasset, a partir de dicha conferencia y de los ecos que \u00e9sta tuvo, escribi\u00f3 el art\u00edculo \u201cLa inteligencia de los chimpanc\u00e9s\u201d (Mas-Garc\u00eda y Hern\u00e1ndez-Gonz\u00e1lez, 2005).<\/p>\n<p>Alg\u00fan tiempo despu\u00e9s, y ya con Hitler en el poder, en 1933, K\u00f6hler critica abiertamente las pol\u00edticas racistas y antisemitas del r\u00e9gimen nazi que propon\u00edan la expulsi\u00f3n de acad\u00e9micos jud\u00edos. En este sentido, fue el primer acad\u00e9mico alem\u00e1n no jud\u00edo en hacerlo. Su tenaz y valiente oposici\u00f3n al nazismo le llevan a emigrar en 1935 a EEUU, donde vivir\u00e1 hasta su muerte en 1967 (L\u00fcck, 2008). Durante ese periodo fue presidente de la APA (American Psychological Association), miembro de la Academia de las Ciencias y recibi\u00f3 numerosos premios a su carrera. Tristemente, el r\u00e9gimen nazi tuvo una enorme responsabilidad en el final de la floreciente y prometedora Escuela de la Gestalt, debido al cual se produce una importante dispersi\u00f3n de sus miembros. Wertheimer, Lewin, Koffka y, por \u00faltimo, K\u00f6hler abandonaron Alemania, llegando de forma individual a pa\u00edses donde las orientaciones mentalistas no eran las predominantes.<\/p>\n<p><strong>La historia reciente<\/strong><\/p>\n<p>Desde hace m\u00e1s de 20 a\u00f1os, los esfuerzos para salvar y restaurar este patrimonio cient\u00edfico mundial, que hasta 1993 estaba intacto (v\u00e9ase la Figura 2), se han sucedido sin pausa, pero con poco \u00e9xito. Ha habido multitud de art\u00edculos period\u00edsticos, ciclos de charlas, entrevistas con alcaldes y concejales del Ayuntamiento del Puerto de la Cruz, con consejeros del Cabildo y con miembros del Gobierno de Canarias. La desidia y desinter\u00e9s de los pol\u00edticos canarios (con algunas notables excepciones), as\u00ed como unos intereses muy distintos por parte de los due\u00f1os actuales del inmueble, han motivado que hasta hace bien poco todo siguiese igual.<\/p>\n<div style=\"width: 610px\" class=\"wp-caption aligncenter\"><img loading=\"lazy\" decoding=\"async\" class=\" \" alt=\"Figura 2\" src=\"https:\/\/www.cienciacognitiva.org\/files\/2014-15-f2.jpg\" width=\"600\" height=\"398\" \/><p class=\"wp-caption-text\">Figura 2.- La Casa Amarilla en 1993 antes de los intentos de demolici\u00f3n.<\/p><\/div>\n<p>La Asociaci\u00f3n W. K\u00f6hler, cuyo secretario es el segundo autor de este art\u00edculo, y la Facultad de Psicolog\u00eda de la ULL (representada por el primer autor) han estado particularmente implicados en esta \u201clucha\u201d por salvar el inmueble a lo largo de los a\u00f1os, por recuperar el hito m\u00e1s importante en la historia de la ciencia mundial ocurrido en Canarias. La primera logr\u00f3 hace a\u00f1os que fuera declarada Bien de Inter\u00e9s Cultural (BIC) por el Gobierno de Canarias, lo cual fren\u00f3 los intentos de demolici\u00f3n por parte de los propietarios. Sin embargo, en la actualidad se encuentra pr\u00e1cticamente en ruinas (imagen de portada). Durante todo este tiempo, son muchos los apoyos y reivindicaciones internacionales de cient\u00edficos, centros de investigaci\u00f3n, fundaciones y universidades de todo el mundo, incluyendo la revista Nature, la Humbolt Universit\u00e4t de Berl\u00edn o el Instituto Max Planck. Algunos ejemplos: el psic\u00f3logo Josep Call, director del Wolfgang K\u00f6hler Primate Research Center del mencionado instituto, ha visitado Tenerife en dos ocasiones para actos relacionados con este centenario y en apoyo a la restauraci\u00f3n de la Casa Amarilla (v\u00e9ase la Figura 1). Igualmente, la c\u00e9lebre primat\u00f3loga Jane Goodall, premio Pr\u00edncipe de Asturias, ha mostrado repetidamente su preocupaci\u00f3n por el tema y apoyo a la restauraci\u00f3n. La primat\u00f3loga declar\u00f3 en un v\u00eddeo grabado en Tanzania en 1996 para la Asociaci\u00f3n W. K\u00f6hler (ProyectoInsight, 2011, a continuaci\u00f3n) que la lectura del libro de W. K\u00f6hler fue decisiva para su exitosa carrera como investigadora del comportamiento de los chimpanc\u00e9s.<\/p>\n<p><iframe loading=\"lazy\" src=\"\/\/www.youtube.com\/embed\/NZdOj-_fiVM\" height=\"315\" width=\"420\" allowfullscreen=\"\" frameborder=\"0\"><\/iframe><\/p>\n<p>Como la propia Goodall ha reconocido, los trabajos del psic\u00f3logo alem\u00e1n fueron tambi\u00e9n fundamentales para la etolog\u00eda actual. Una muestra la constituyen las constantes citas a K\u00f6hler y sus experimentos en Tenerife en la obra del gran et\u00f3logo Konrad Lorenz (Garc\u00eda, 2003).<\/p>\n<p>En los \u00faltimos a\u00f1os, el Consorcio para la Rehabilitaci\u00f3n Tur\u00edstica del Puerto de la Cruz se ha implicado seriamente en el objetivo de salvar la Casa Amarilla y convertirla en un Museo de la Psicolog\u00eda y la Primatolog\u00eda. Tras muchas reuniones durante varios a\u00f1os con los representantes de la Facultad de Psicolog\u00eda, de la Asociaci\u00f3n W. K\u00f6hler y de la ULL, el Consorcio ha incluido dicho proyecto en su Plan de Ordenaci\u00f3n. Adem\u00e1s, tanto el futuro museo como un centro para la divulgaci\u00f3n de la neurociencia y la psicolog\u00eda contar\u00e1n previsiblemente con la gesti\u00f3n y colaboraci\u00f3n de la ULL si al final el proyecto ve la luz. Tras tantos a\u00f1os de lucha, la esperanza no debe perderse. Confiemos que alg\u00fan d\u00eda, no muy lejano, podamos presumir de tener salvada y restaurada la Casa Amarilla, el primer centro de investigaci\u00f3n con primates no humanos del mundo, donde nacieron a nivel mundial la primatolog\u00eda y la psicolog\u00eda comparada actual, adem\u00e1s de constituir un hito para la etolog\u00eda, y donde se gest\u00f3 en buena medida la Escuela de la Gestalt. Un patrimonio cient\u00edfico de la humanidad en nuestro pa\u00eds.<\/p>\n<p><strong>Referencias<\/strong><\/p>\n<p>Ash, M. G. (1998). <em>Gestalt psychology in German culture 1890-1967: Holism and the quest for objectivity<\/em>. Cambridge: Cambridge University Press.<\/p>\n<p>Garcia, A. (2003). The psychological literature in Konrad Lorenz\u2019s work: A contribution to the history of ethology and psychology. <em>Memorandum<\/em>, 5, 105-133.<\/p>\n<p>G\u00f3mez, J.C. (1989). Introducci\u00f3n a la edici\u00f3n espa\u00f1ola. En K\u00f6hler, W. (1989). <em>Experimentos sobre la inteligencia de los chimpanc\u00e9s<\/em>. Madrid: Debate.<\/p>\n<p>L\u00fcck, H. E. (2008). Or\u00edgenes de la psicolog\u00eda de la Gestalt. <em>Mente y Cerebro<\/em>, 30, 74-79.<\/p>\n<p>Mas-Garc\u00eda, M., y Hern\u00e1ndez-Gonz\u00e1lez, J. (2005). <em>Los monos de Tenerife<\/em>. Santa Cruz de Tenerife: Ediciones IDEA.<\/p>\n<p>Ley, R. (1990). <em>A Whisper of Espionage: Wolfgang K\u00f6hler and the Apes of Tenerife<\/em>. New York: Avery Publishing Group.<\/p>\n<p style=\"text-align: center;\">Manuscrito recibido el 10 de junio de 2014.<br \/>\nAceptado el 15 de junio de 2014.<\/p>\n","protected":false},"excerpt":{"rendered":"<p>Carlos J. \u00c1lvarez (1) y Melchor Hern\u00e1ndez Castilla (2) (1) Universidad de La Laguna, Espa\u00f1a (2) Asociaci\u00f3n Wolfgang K\u00f6hler, Espa\u00f1a <span class=\"ellipsis\">&hellip;<\/span> <span class=\"more-link-wrap\"><a href=\"https:\/\/www.cienciacognitiva.org\/?p=915\" class=\"more-link\"><span>Read More &rarr;<\/span><\/a><\/span><\/p>\n","protected":false},"author":4,"featured_media":0,"comment_status":"closed","ping_status":"closed","sticky":false,"template":"","format":"standard","meta":{"footnotes":""},"categories":[13,462,3],"tags":[50,463,115,464,191],"class_list":["post-915","post","type-post","status-publish","format-standard","hentry","category-clasicos","category-etologia","category-psicologia","tag-evolucion","tag-historia","tag-psicologia-comparada","tag-psicologia-de-la-gestalt","tag-toma-de-decisiones"],"_links":{"self":[{"href":"https:\/\/www.cienciacognitiva.org\/index.php?rest_route=\/wp\/v2\/posts\/915","targetHints":{"allow":["GET"]}}],"collection":[{"href":"https:\/\/www.cienciacognitiva.org\/index.php?rest_route=\/wp\/v2\/posts"}],"about":[{"href":"https:\/\/www.cienciacognitiva.org\/index.php?rest_route=\/wp\/v2\/types\/post"}],"author":[{"embeddable":true,"href":"https:\/\/www.cienciacognitiva.org\/index.php?rest_route=\/wp\/v2\/users\/4"}],"replies":[{"embeddable":true,"href":"https:\/\/www.cienciacognitiva.org\/index.php?rest_route=%2Fwp%2Fv2%2Fcomments&post=915"}],"version-history":[{"count":5,"href":"https:\/\/www.cienciacognitiva.org\/index.php?rest_route=\/wp\/v2\/posts\/915\/revisions"}],"predecessor-version":[{"id":919,"href":"https:\/\/www.cienciacognitiva.org\/index.php?rest_route=\/wp\/v2\/posts\/915\/revisions\/919"}],"wp:attachment":[{"href":"https:\/\/www.cienciacognitiva.org\/index.php?rest_route=%2Fwp%2Fv2%2Fmedia&parent=915"}],"wp:term":[{"taxonomy":"category","embeddable":true,"href":"https:\/\/www.cienciacognitiva.org\/index.php?rest_route=%2Fwp%2Fv2%2Fcategories&post=915"},{"taxonomy":"post_tag","embeddable":true,"href":"https:\/\/www.cienciacognitiva.org\/index.php?rest_route=%2Fwp%2Fv2%2Ftags&post=915"}],"curies":[{"name":"wp","href":"https:\/\/api.w.org\/{rel}","templated":true}]}}