{"id":8,"date":"2007-11-09T11:04:54","date_gmt":"2007-11-09T09:04:54","guid":{"rendered":"https:\/\/medina-psicologia.ugr.es\/ciencia\/?p=8"},"modified":"2007-11-11T02:06:52","modified_gmt":"2007-11-11T00:06:52","slug":"nacimiento-de-ciencia-cognitiva-revista-electronica-de-divulgacion","status":"publish","type":"post","link":"https:\/\/www.cienciacognitiva.org\/?p=8","title":{"rendered":"Nacimiento de Ciencia Cognitiva: Revista Electr\u00f3nica de Divulgaci\u00f3n"},"content":{"rendered":"<p>Julio Santiago<br \/>\nEditor<\/p>\n<p>Ayer, 8 de Noviembre de 2007, naci\u00f3 oficialmente esta revista, con el nombre de Ciencia Cognitiva (CC). Su misi\u00f3n, objetivos, consejo editorial, y pol\u00edtica editorial est\u00e1n descritos con detalle en los apartados <a href=\"https:\/\/medina-psicologia.ugr.es\/ciencia\/?page_id=5\" title=\"Acerca de CC\">Acerca de CC<\/a> e <a href=\"https:\/\/medina-psicologia.ugr.es\/ciencia\/?page_id=6\" title=\"Instrucciones para autores\">Instrucciones para autores<\/a>, accesibles en la parte superior de esta p\u00e1gina. En esa reuni\u00f3n, se me encarg\u00f3 la tarea de ser su primer editor-coordinador, durante un periodo de 1 a\u00f1o.<\/p>\n<p>Aunque el origen de la idea, el acto de su fundaci\u00f3n y la composici\u00f3n de su primer consejo editorial se vinculan con la Facultad de Psicolog\u00eda de la Universidad de Granada, CC nace con vocaci\u00f3n aut\u00e9nticamente interdisciplinar e internacional, siempre dentro del \u00e1mbito de la lengua castellana. Nuestro \u00abhogar com\u00fan\u00bb es el dominio <a href=\"https:\/\/www.cienciacognitiva.org\" title=\"Ciencia Cognitiva: Revista Electr\u00f3nica de Divulgaci\u00f3n\" target=\"_blank\">www.cienciacognitiva.org<\/a>, y el email de contacto es <a href=\"mailto:%20divulga@cienciacognitiva.org\" title=\"Email de contacto\" target=\"_blank\">divulga@cienciacognitiva.org<\/a>.<\/p>\n<p>Como primer  editor-coordinador, animo desde aqu\u00ed a todas aquellas personas de habla hispana con un inter\u00e9s en la Ciencia Cognitiva, en cualquiera de sus m\u00faltiples disciplinas y facetas, y en cualquier pa\u00eds del mundo, a considerar esta revista como un lugar donde divulgar la investigaci\u00f3n de este campo, y donde leer y ampliar nuestros conocimientos acerca de ella.<\/p>\n","protected":false},"excerpt":{"rendered":"<p>Julio Santiago Editor Ayer, 8 de Noviembre de 2007, naci\u00f3 oficialmente esta revista, con el nombre de Ciencia Cognitiva (CC). <span class=\"ellipsis\">&hellip;<\/span> <span class=\"more-link-wrap\"><a href=\"https:\/\/www.cienciacognitiva.org\/?p=8\" class=\"more-link\"><span>Read More &rarr;<\/span><\/a><\/span><\/p>\n","protected":false},"author":4,"featured_media":0,"comment_status":"closed","ping_status":"closed","sticky":false,"template":"","format":"standard","meta":{"footnotes":""},"categories":[10],"tags":[9],"class_list":["post-8","post","type-post","status-publish","format-standard","hentry","category-noticias","tag-sobre-cc"],"_links":{"self":[{"href":"https:\/\/www.cienciacognitiva.org\/index.php?rest_route=\/wp\/v2\/posts\/8","targetHints":{"allow":["GET"]}}],"collection":[{"href":"https:\/\/www.cienciacognitiva.org\/index.php?rest_route=\/wp\/v2\/posts"}],"about":[{"href":"https:\/\/www.cienciacognitiva.org\/index.php?rest_route=\/wp\/v2\/types\/post"}],"author":[{"embeddable":true,"href":"https:\/\/www.cienciacognitiva.org\/index.php?rest_route=\/wp\/v2\/users\/4"}],"replies":[{"embeddable":true,"href":"https:\/\/www.cienciacognitiva.org\/index.php?rest_route=%2Fwp%2Fv2%2Fcomments&post=8"}],"version-history":[{"count":0,"href":"https:\/\/www.cienciacognitiva.org\/index.php?rest_route=\/wp\/v2\/posts\/8\/revisions"}],"wp:attachment":[{"href":"https:\/\/www.cienciacognitiva.org\/index.php?rest_route=%2Fwp%2Fv2%2Fmedia&parent=8"}],"wp:term":[{"taxonomy":"category","embeddable":true,"href":"https:\/\/www.cienciacognitiva.org\/index.php?rest_route=%2Fwp%2Fv2%2Fcategories&post=8"},{"taxonomy":"post_tag","embeddable":true,"href":"https:\/\/www.cienciacognitiva.org\/index.php?rest_route=%2Fwp%2Fv2%2Ftags&post=8"}],"curies":[{"name":"wp","href":"https:\/\/api.w.org\/{rel}","templated":true}]}}