{"id":39,"date":"2008-06-16T22:54:04","date_gmt":"2008-06-16T20:54:04","guid":{"rendered":"https:\/\/medina-psicologia.ugr.es\/ciencia\/?p=39"},"modified":"2008-06-16T22:54:04","modified_gmt":"2008-06-16T20:54:04","slug":"percepcion-del-color-y-lenguaje-sobre-la-vuelta-del-relativismo","status":"publish","type":"post","link":"https:\/\/www.cienciacognitiva.org\/?p=39","title":{"rendered":"Percepci\u00f3n del color y lenguaje: Sobre la vuelta del relativismo"},"content":{"rendered":"<p>Carlos J. \u00c1lvarez Gonz\u00e1lez<br \/>\nDepartamento de Psicolog\u00eda Cognitiva, Universidad de La Laguna, Espa\u00f1a<\/p>\n<p><img style='margin-right:20px;'src=\"https:\/\/www.cienciacognitiva.org\/files\/2008-24-cc-LucViatourCarlosAlvarez.jpg\" align=\"left\" height=\"221\" hspace=\"10\" vspace=\"10\" width=\"300\" \/><em> Recientemente se ha producido un \u00abrenacimiento\u00bb de la hip\u00f3tesis whorfiana del relativismo ling\u00fc\u00edstico, sobre todo en el campo de la relaci\u00f3n entre lenguaje y percepci\u00f3n del color. Sin embargo, trabajos tambi\u00e9n recientes apoyan sin duda ciertos universales en c\u00f3mo vemos y nombramos los colores. Quiz\u00e1s, la evidencia emp\u00edrica lo que nos muestra es que la \u00abverdad\u00bb est\u00e1 en alg\u00fan punto medio.<\/em><\/p>\n<p><!--more--> <a href=\"https:\/\/www.cienciacognitiva.org\/files\/2008-24.pdf\" title=\"versi\u00f3n en pdf\" target=\"_blank\">[versi\u00f3n en pdf]<\/a><\/p>\n<p>El cl\u00e1sico debate sobre las relaciones entre pensamiento y lenguaje se ha planteado siempre como una lucha encarnizada entre dos posturas antag\u00f3nicas e irreconciliables. Por un lado el universalismo, seg\u00fan el cual el lenguaje es reflejo de pautas universales de la cognici\u00f3n humana. De acuerdo a este punto de vista, las diferencias entre las distintas lenguas no afectan a otros procesos cognitivos como la percepci\u00f3n. La hip\u00f3tesis relativista, en cambio, afirma que el lenguaje es b\u00e1sicamente arbitrario y cultural, y puede moldear otros procesos mentales. As\u00ed, las convenciones de la lengua concreta que se hable pueden llegar a influir en c\u00f3mo percibimos el mundo. En el fondo, es una variante de un debate a\u00fan m\u00e1s cl\u00e1sico: el del innatismo frente al ambientalismo.<\/p>\n<p>En los \u00faltimos tiempos y hasta hace no mucho, la balanza parec\u00eda estar inclin\u00e1ndose hacia el lado universalista. Las investigaciones en ciencia cognitiva, sobre todo en psicoling\u00fc\u00edstica, parec\u00edan apoyar una independencia entre lenguaje y otras capacidades mentales (pensamiento, percepci\u00f3n, inteligencia&#8230;). \u00daltimamente, sin embargo, la opini\u00f3n de los expertos parece estar cambiando (Valenzuela, <a href=\"https:\/\/www.cienciacognitiva.org\/?p=15\" target=\"_blank\">2007<\/a>, <a href=\"https:\/\/www.cienciacognitiva.org\/?p=37\" target=\"_blank\">2008<\/a>). El art\u00edculo reciente de <a href=\"https:\/\/www.cienciacognitiva.org\/?p=37\" target=\"_blank\">Valenzuela (2008<\/a><a href=\"https:\/\/www.cienciacognitiva.org\/?p=37\" target=\"_blank\">)<\/a>, por ejemplo, nos habla de que \u00abla Hip\u00f3tesis del Relativismo Ling\u00fc\u00edstico ha vuelto con fuerza\u00bb en el campo concreto de las relaciones entre percepci\u00f3n del color y lenguaje. Los trabajos all\u00ed comentados, como el de Winawer, Witthoft, Frank, Wu, Wade, y Boroditsky (2007), as\u00ed parecen confirmarlo. Sin embargo, en mi opini\u00f3n pueden hacerse algunas matizaciones a este contraataque relativista.<\/p>\n<p>Si bien es cierto que el \u00abbando relativista\u00bb se est\u00e1 haciendo fuerte, apoyado con trabajos como el citado de Winawer et al., o los de Roberson y colaboradores en Pap\u00faa Nueva Guinea (vg. Roberson, Davies y  Davidoff, 2000), tambi\u00e9n habr\u00eda que tener en cuenta algunas investigaciones recientes que apuntar\u00edan en otra direcci\u00f3n. Un ejemplo de ello son los hallazgos de tendencias universales en el nombrado de colores que apoyan esencialmente las teor\u00edas cl\u00e1sicas de Berlin y Kay (1969). Empleando m\u00e9todos cuantitativos y computacionales se ha encontrado, por ejemplo, que las fronteras entre distintas categor\u00edas crom\u00e1ticas  se organizan alrededor de colores que son considerados ejemplos protot\u00edpicos de forma universal, independientemente de la lengua que se trate (Regier, Kay y Cook, 2005). Por ejemplo, a pesar de que Roberson y colaboradores encontraron l\u00edmites diferentes entre categor\u00edas crom\u00e1ticas para un idioma de Pap\u00faa Nueva Guinea y para el ingl\u00e9s, cuando se reanalizan sus mismos datos con metodolog\u00eda cuantitativa y computacional no difieren mucho de lo encontrado en otras lenguas (Kay y Regier, 2007). \u00c9stos y otros hallazgos son pruebas emp\u00edricas que apoyan la existencia de predisposiciones universales en la percepci\u00f3n de los colores y los nombres que se les dan.<\/p>\n<p><a href=\"https:\/\/www.cienciacognitiva.org\/?p=37\" target=\"_blank\">Valenzuela (2008)<\/a> expone algunos trabajos neurocognitivos (como el de Drivonikou, Kay, Regier, Ivry, Gilbert, Franklin y Davies, 2007) donde se ha encontrado que los efectos de percepci\u00f3n categorial del color, en los que dos colores que pertenecen a categor\u00edas distintas se discriminan mejor y m\u00e1s r\u00e1pido que cuando pertenecen a la misma categor\u00eda, se dan en mayor medida cuando los est\u00edmulos se presentan en el campo visual derecho (CVD), y por tanto, se procesan en el hemisferio izquierdo (HI, especializado en el procesamiento ling\u00fc\u00edstico). Como afirma Valenzuela, estos trabajos respaldar\u00edan hasta cierto punto la influencia del lenguaje sobre los mecanismos perceptivos y, por tanto, la hip\u00f3tesis relativista whorfiana. Sin embargo, estos trabajos pueden ser vistos desde otra \u00f3ptica. Primero, el hecho de que beb\u00e9s reci\u00e9n nacidos (Franklin y Davies, 2004; Franklin, Drivonikou, Bevis, Davies, Kay, y Regier, 2008) o macacos (Sandell, Gross y Bornstein, 1979) puedan categorizar los colores sugiere que existen l\u00edmites perceptivos entre categor\u00edas que son innatos y no requieren del lenguaje. Y segundo, la hip\u00f3tesis whorfiana basada en la lateralizaci\u00f3n hemisf\u00e9rica puede estar reflejando un procesamiento de tipo moment\u00e1neo o estrat\u00e9gico. En una tarea donde nos piden que comparemos dos colores, no podremos evitar tambi\u00e9n comparar los nombres que tenemos asociados a ellos. Si dos colores tienen el mismo nombre nos resultar\u00e1n m\u00e1s parecidos que si tienen diferentes nombres. Estar\u00edamos hablando en este caso no de un determinismo ling\u00fc\u00edstico de nuestra percepci\u00f3n en sentido estricto, sino de una \u00abcolaboraci\u00f3n\u00bb entre percepci\u00f3n y lenguaje. Este efecto de \u00abdeterminismo temporal\u00bb ha recibido cierto apoyo. Kay y Kempton (1984) presentaron pares de colores a unos participantes en un experimento en el que ten\u00edan que juzgar el parecido entre ellos. Emplearon colores que ten\u00edan distintas etiquetas ling\u00fc\u00edsticas asociadas y que eran juzgados como diferentes. Pero cuando a los participantes se les dijo que los distintos colores ten\u00edan el mismo nombre, curiosamente les costaba m\u00e1s diferenciarlos. Resumiendo, el \u00abefecto whorfiano lateralizado\u00bb es un apoyo para la hip\u00f3tesis relativista, como afirma Valenzuela, pero s\u00f3lo parcial. El lenguaje puede afectar a la percepci\u00f3n solamente en algunas circunstancias.<\/p>\n<p>Para concluir, lo m\u00e1s probable es que no se pueda sostener hoy en d\u00eda ninguna de las versiones extremas de las dos posturas. Aunque seguramente ha sido beneficioso para el avance del conocimiento plantear el debate universalismo-relativismo en t\u00e9rminos maximalistas, como dos polos opuestos y extremos, la realidad es algo m\u00e1s compleja. Parece claro que la hip\u00f3tesis whorfiana est\u00e1 resucitando con cierta fuerza desde hace unos a\u00f1os, con buenos resultados emp\u00edricos en su favor, pero de ninguna manera parece que ese contraataque vaya a suponer la eliminaci\u00f3n de las posturas universalistas. Parece claro que, despu\u00e9s de todo, existen restricciones universales y biol\u00f3gicas en la percepci\u00f3n del color.<\/p>\n<p><strong>Referencias<\/strong><\/p>\n<p>Berlin, B. y Kay, P. (1969). Basic color terms: Their universality and evolution. Berkeley: University of California Press.<\/p>\n<p>Drivonikou, G. V.,  Kay, P., Regier, T., Ivry, R. B., Gilbert, A. L., Franklin A., y Davies,  I. R. L. (2007). Further evidence that Whorfian effects are stronger in the right visual field than the left. Proceedings of the National Academy of Sciences (PNAS), 104, 1097-1102.<\/p>\n<p>Franklin, A. y Davies, I. R. L. (2004). New evidence for infant color categories. British Journal of Developmental Psychology, 22, 349-377.<\/p>\n<p>Franklin, A., Drivonikou, G.V., Bevis, L., Davies, I. R. L., Kay, P. y Regier T. (2008). Categorical perception of color is lateralized to the right hemisphere in infants, but to the left hemisphere in adults. PNAS, 105, 3221-3225.<\/p>\n<p>Kay, P. y Kempton, W. (1984). What is the Sapir-Whorf hypothesis. American Antropologist, 86, 65-79.<\/p>\n<p>Kay, P. y Regier, T. (2007). Color naming universals: The case of Berinmo. Cognition, 102, 289-298.<\/p>\n<p>Regier, T., Kay, P. y Cook, R. (2005). Focal colors are universal after all. PNAS, 102, 8386-8391.<\/p>\n<p>Roberson, D., Davies, I. R. L., y Davidoff, J. (2002). Color categories are not universal: Replications and new evidence. Journal of Experimental Psychology: General, 129, 369-398.<\/p>\n<p>Sandell, J. H., Gross, C. G. y Bornstein, M. H. (1979). Color categories in macaques. Journal of Comparative and Physiological Psychology, 93, 626-635.<\/p>\n<p>Winawer, J., Witthoft, N., Frank, M. C., Wu, L., Wade, A. R. y Boroditsky, L. (2007) Russian blues reveal effects of language on color discrimination. PNAS, 104, 7780-7785.<\/p>\n","protected":false},"excerpt":{"rendered":"<p>Carlos J. \u00c1lvarez Gonz\u00e1lez Departamento de Psicolog\u00eda Cognitiva, Universidad de La Laguna, Espa\u00f1a Recientemente se ha producido un \u00abrenacimiento\u00bb de <span class=\"ellipsis\">&hellip;<\/span> <span class=\"more-link-wrap\"><a href=\"https:\/\/www.cienciacognitiva.org\/?p=39\" class=\"more-link\"><span>Read More &rarr;<\/span><\/a><\/span><\/p>\n","protected":false},"author":4,"featured_media":0,"comment_status":"closed","ping_status":"closed","sticky":false,"template":"","format":"standard","meta":{"footnotes":""},"categories":[16,8,6,7,4,3],"tags":[17,49,89,45],"class_list":["post-39","post","type-post","status-publish","format-standard","hentry","category-actualidad","category-antropologia","category-filosofia","category-linguistica","category-neurociencia","category-psicologia","tag-color","tag-lenguaje","tag-percepcion","tag-relativismo-linguistico"],"_links":{"self":[{"href":"https:\/\/www.cienciacognitiva.org\/index.php?rest_route=\/wp\/v2\/posts\/39","targetHints":{"allow":["GET"]}}],"collection":[{"href":"https:\/\/www.cienciacognitiva.org\/index.php?rest_route=\/wp\/v2\/posts"}],"about":[{"href":"https:\/\/www.cienciacognitiva.org\/index.php?rest_route=\/wp\/v2\/types\/post"}],"author":[{"embeddable":true,"href":"https:\/\/www.cienciacognitiva.org\/index.php?rest_route=\/wp\/v2\/users\/4"}],"replies":[{"embeddable":true,"href":"https:\/\/www.cienciacognitiva.org\/index.php?rest_route=%2Fwp%2Fv2%2Fcomments&post=39"}],"version-history":[{"count":0,"href":"https:\/\/www.cienciacognitiva.org\/index.php?rest_route=\/wp\/v2\/posts\/39\/revisions"}],"wp:attachment":[{"href":"https:\/\/www.cienciacognitiva.org\/index.php?rest_route=%2Fwp%2Fv2%2Fmedia&parent=39"}],"wp:term":[{"taxonomy":"category","embeddable":true,"href":"https:\/\/www.cienciacognitiva.org\/index.php?rest_route=%2Fwp%2Fv2%2Fcategories&post=39"},{"taxonomy":"post_tag","embeddable":true,"href":"https:\/\/www.cienciacognitiva.org\/index.php?rest_route=%2Fwp%2Fv2%2Ftags&post=39"}],"curies":[{"name":"wp","href":"https:\/\/api.w.org\/{rel}","templated":true}]}}