{"id":2649,"date":"2026-04-28T19:56:11","date_gmt":"2026-04-28T17:56:11","guid":{"rendered":"https:\/\/www.cienciacognitiva.org\/?p=2649"},"modified":"2026-04-28T19:56:11","modified_gmt":"2026-04-28T17:56:11","slug":"las-matematicas-de-la-belleza","status":"publish","type":"post","link":"https:\/\/www.cienciacognitiva.org\/?p=2649","title":{"rendered":"Las matem\u00e1ticas de la belleza"},"content":{"rendered":"<p>A. F\u00e9lix Vico-Prieto, \u00c1ngel Cagigas, Juan M. Rosas y Jos\u00e9 E. Callejas-Aguilera<br \/>\nDept. de Psicolog\u00eda, Universidad de Ja\u00e9n, Espa\u00f1a<\/p>\n<div style=\"width: 310px\" class=\"wp-caption alignleft\"><img loading=\"lazy\" decoding=\"async\" class=\"size-medium\" src=\"http:\/\/www.cienciacognitiva.org\/files\/2025-28-cc-FelixVicoPrieto.png\" alt=\"(cc) F\u00e9lix Vico Prieto.\" width=\"300\" height=\"200\" \/><p class=\"wp-caption-text\">(cc) F\u00e9lix Vico Prieto.<\/p><\/div>\n<p><em>La proporci\u00f3n \u00e1urea es una divisi\u00f3n arm\u00f3nica tradicionalmente asociada con la belleza. En un estudio reciente de nuestro laboratorio analizamos si los est\u00edmulos art\u00edsticos organizados seg\u00fan esta proporci\u00f3n se perciben como m\u00e1s bellos que los basados en otras relaciones matem\u00e1ticas. Los resultados muestran que la proporci\u00f3n \u00e1urea tiende a ser preferida frente a proporciones extremas y, en personas con educaci\u00f3n art\u00edstica, tambi\u00e9n frente a proporciones sim\u00e9tricas consideradas armoniosas. Estos hallazgos sugieren que la belleza puede estar profundamente vinculada a principios matem\u00e1ticos que estructuran nuestra percepci\u00f3n.<\/em><\/p>\n<p><!--more--><\/p>\n<p><a href=\"http:\/\/www.cienciacognitiva.org\/files\/2025-28.pdf\">[Versi\u00f3n en pdf]<\/a><\/p>\n<p>La proporci\u00f3n \u00e1urea es una relaci\u00f3n matem\u00e1tica descrita en el Renacimiento por Luca Pacioli cuyo valor aproximado es 1,618. Se ha utilizado en arquitectura y arte como principio organizador del espacio visual incluso antes de que fuera expl\u00edcitamente descrita, desde el Parten\u00f3n hasta las composiciones de Mondrian. Tambi\u00e9n se ha se\u00f1alado su presencia en la naturaleza, lo que ha llevado a proponer que su atractivo podr\u00eda tener bases biol\u00f3gicas (Doczi, 1996; Etcoff, 2000).<\/p>\n<p>Sin embargo, la psicolog\u00eda experimental ha mostrado que la relaci\u00f3n entre proporci\u00f3n \u00e1urea y belleza no es tan clara. Fechner (1876) observ\u00f3 una preferencia por rect\u00e1ngulos cercanos a esta proporci\u00f3n, pero estudios posteriores han se\u00f1alado que estos efectos no siempre se replican (McManus, 1980). Adem\u00e1s, la preferencia est\u00e9tica puede variar seg\u00fan las circunstancias y las caracter\u00edsticas del observador (Skov &amp; Nadal, 2020).<\/p>\n<p>En este contexto, desarrollamos (Vico-Prieto et al., 2016) un dise\u00f1o experimental que permit\u00eda comparar directamente la belleza atribuida a distintas proporciones. Utilizando adaptaciones en blanco y negro de cuadros de Mondrian, se pidi\u00f3 a participantes sin formaci\u00f3n art\u00edstica que eligieran cu\u00e1l de dos est\u00edmulos les parec\u00eda m\u00e1s bello en un m\u00e1ximo de 1.5 segundos, favoreciendo as\u00ed una respuesta intuitiva.<\/p>\n<p>Los participantes en este estudio eligieron de manera consistente la proporci\u00f3n \u00e1urea frente a una proporci\u00f3n extrema de 1\/6 (Figura 1A). Sin embargo, cuando el est\u00edmulo que manten\u00eda la proporci\u00f3n \u00e1urea se compar\u00f3 con uno con proporci\u00f3n sim\u00e9trica (1\/2, tradicionalmente considerada como armoniosa; Figura 1B), esa preferencia desapareci\u00f3. Este hallazgo nos llev\u00f3 a plantearnos si la consideraci\u00f3n de la proporci\u00f3n \u00e1urea como patr\u00f3n de belleza podr\u00eda ser una cuesti\u00f3n m\u00e1s relacionada con la educaci\u00f3n que con un valor intr\u00ednseco del est\u00edmulo.<\/p>\n<div style=\"width: 510px\" class=\"wp-caption aligncenter\"><img loading=\"lazy\" decoding=\"async\" class=\"size-medium\" src=\"http:\/\/www.cienciacognitiva.org\/files\/2025-28-f1.png\" alt=\"Figura 1. Ejemplo de est\u00edmulos con distintas proporciones. Comparaci\u00f3n entre proporci\u00f3n \u00e1urea y 1\/6 (A) y entre proporci\u00f3n \u00e1urea y 1\/2 (B) (adaptado de Vico et al., 2016).\" width=\"500\" height=\"666\" \/><p class=\"wp-caption-text\">Figura 1. Ejemplo de est\u00edmulos con distintas proporciones. Comparaci\u00f3n entre proporci\u00f3n \u00e1urea y 1\/6 (A) y entre proporci\u00f3n \u00e1urea y 1\/2 (B) (adaptado de Vico et al., 2016).<\/p><\/div>\n<p>Como forma de afrontar esta pregunta de investigaci\u00f3n, exploramos (Vico-Prieto et al., 2025) la posibilidad de que la educaci\u00f3n en Bellas Artes incrementara la preferencia por la proporci\u00f3n \u00e1urea incluso frente a otras proporciones tradicionalmente consideradas arm\u00f3nicas, como la sim\u00e9trica. Para ello se llevaron a cabo dos experimentos comparando estudiantes de Psicolog\u00eda, sin formaci\u00f3n art\u00edstica espec\u00edfica (grupo na\u00efve), y estudiantes de Bellas Artes (grupo cuasi-expertos).<\/p>\n<p>En el primer experimento, similar al realizado por Vico-Prieto et al. (2016), se replic\u00f3 la comparaci\u00f3n entre proporci\u00f3n \u00e1urea y 1\/6. Como se observa en la Figura 2A, ambos grupos prefirieron claramente la proporci\u00f3n \u00e1urea, aunque esta preferencia fue mayor en los participantes con formaci\u00f3n art\u00edstica. El segundo experimento compar\u00f3 la proporci\u00f3n \u00e1urea frente a la proporci\u00f3n sim\u00e9trica (1\/2). La Figura 2B muestra los resultados, m\u00e1s matizados, que se encontraron en el segundo experimento. La proporci\u00f3n \u00e1urea mantuvo su atractivo, pero solo en los participantes con formaci\u00f3n art\u00edstica. En los participantes sin formaci\u00f3n no hubo preferencia. Esto sugiere que, aunque la proporci\u00f3n \u00e1urea puede ser percibida como especialmente bella, su ventaja frente a otras formas arm\u00f3nicas requiere de una mayor sensibilidad o formaci\u00f3n art\u00edstica.<\/p>\n<div style=\"width: 810px\" class=\"wp-caption aligncenter\"><img loading=\"lazy\" decoding=\"async\" class=\"size-medium\" src=\"http:\/\/www.cienciacognitiva.org\/files\/2025-28-f2.png\" alt=\"Figura 2. (A) Proporci\u00f3n de elecciones del est\u00edmulo \u00e1ureo frente a 1\/6 en los grupos na\u00efve y cuasi-experto; (B) Proporci\u00f3n de elecciones del est\u00edmulo \u00e1ureo frente a 1\/2 en los Grupos Na\u00efve y Cuasi Experto (adaptado de Vico-Prieto et al., 2025).\" width=\"800\" height=\"496\" \/><p class=\"wp-caption-text\">Figura 2. (A) Proporci\u00f3n de elecciones del est\u00edmulo \u00e1ureo frente a 1\/6 en los grupos na\u00efve y cuasi-experto; (B) Proporci\u00f3n de elecciones del est\u00edmulo \u00e1ureo frente a 1\/2 en los Grupos Na\u00efve y Cuasi Experto (adaptado de Vico-Prieto et al., 2025).<\/p><\/div>\n<p>En conjunto, los resultados respaldan la idea de que los est\u00edmulos organizados seg\u00fan la proporci\u00f3n \u00e1urea tienden a ser percibidos como m\u00e1s bellos que aquellos basados en relaciones extremas, y, para personas con educaci\u00f3n art\u00edstica, tambi\u00e9n frente a proporciones sim\u00e9tricas. O dicho de otro modo, la proporci\u00f3n \u00e1urea se relaciona con la percepci\u00f3n de la belleza de forma similar a la simetr\u00eda, y esta relaci\u00f3n se intensifica en personas con sensibilidad o formaci\u00f3n art\u00edstica.<\/p>\n<p><strong>Referencias<\/strong><\/p>\n<p>Doczi, G. (1996). <em>Power of Limits: Proportional Harmonies in Nature, Art, and Architecture<\/em>. Troquel.<\/p>\n<p>Etcoff, N. (2000). <em>Survival of the prettiest: The science of beauty<\/em>. New York: Knopf Doubleday Publishing.<\/p>\n<p>Fechner, G. T. (1876). <em>Vorschule der \u00c4sthetik<\/em>. Breitkopf und H\u00e4rtel.<\/p>\n<p>McManus, I. C. (1980). The aesthetics of simple figures. British Journal of Psychology, 71, 505\u2013524.<\/p>\n<p>Skov, M., &amp; Nadal, M. (2020). The nature of beauty. <em>Annals of the New York Academy of Sciences<\/em>, 1488, 44\u201355.<\/p>\n<p>Vico-Prieto, A. F., Cagigas, A., Rosas, J. M., &amp; Callejas-Aguilera, J. E. (2016). Experimental approach to the study of beauty. <em>Psicol\u00f3gica<\/em>, 37, 187\u2013207.<\/p>\n<p>Vico-Prieto, A. F., Cagigas, A., Rosas, J. M., &amp; Callejas-Aguilera, J. E. (2025). Role of formal artistic education in the relationship between golden proportion and perceived beauty of artistic stimuli. <em>Psicol\u00f3gica<\/em>, 46 (1):e16710.<\/p>\n<p style=\"text-align: center;\">Manuscrito recibido el 30 de diciembre de 2025.<br \/>\nAceptado el 13 de abril de 2026.<\/p>\n","protected":false},"excerpt":{"rendered":"<p>A. F\u00e9lix Vico-Prieto, \u00c1ngel Cagigas, Juan M. Rosas y Jos\u00e9 E. Callejas-Aguilera Dept. de Psicolog\u00eda, Universidad de Ja\u00e9n, Espa\u00f1a La <span class=\"ellipsis\">&hellip;<\/span> <span class=\"more-link-wrap\"><a href=\"https:\/\/www.cienciacognitiva.org\/?p=2649\" class=\"more-link\"><span>Read More &rarr;<\/span><\/a><\/span><\/p>\n","protected":false},"author":4,"featured_media":0,"comment_status":"closed","ping_status":"closed","sticky":false,"template":"","format":"standard","meta":{"footnotes":""},"categories":[16,3],"tags":[343,770,837],"class_list":["post-2649","post","type-post","status-publish","format-standard","hentry","category-actualidad","category-psicologia","tag-arte","tag-estetica","tag-proporcion-aurea"],"_links":{"self":[{"href":"https:\/\/www.cienciacognitiva.org\/index.php?rest_route=\/wp\/v2\/posts\/2649","targetHints":{"allow":["GET"]}}],"collection":[{"href":"https:\/\/www.cienciacognitiva.org\/index.php?rest_route=\/wp\/v2\/posts"}],"about":[{"href":"https:\/\/www.cienciacognitiva.org\/index.php?rest_route=\/wp\/v2\/types\/post"}],"author":[{"embeddable":true,"href":"https:\/\/www.cienciacognitiva.org\/index.php?rest_route=\/wp\/v2\/users\/4"}],"replies":[{"embeddable":true,"href":"https:\/\/www.cienciacognitiva.org\/index.php?rest_route=%2Fwp%2Fv2%2Fcomments&post=2649"}],"version-history":[{"count":1,"href":"https:\/\/www.cienciacognitiva.org\/index.php?rest_route=\/wp\/v2\/posts\/2649\/revisions"}],"predecessor-version":[{"id":2650,"href":"https:\/\/www.cienciacognitiva.org\/index.php?rest_route=\/wp\/v2\/posts\/2649\/revisions\/2650"}],"wp:attachment":[{"href":"https:\/\/www.cienciacognitiva.org\/index.php?rest_route=%2Fwp%2Fv2%2Fmedia&parent=2649"}],"wp:term":[{"taxonomy":"category","embeddable":true,"href":"https:\/\/www.cienciacognitiva.org\/index.php?rest_route=%2Fwp%2Fv2%2Fcategories&post=2649"},{"taxonomy":"post_tag","embeddable":true,"href":"https:\/\/www.cienciacognitiva.org\/index.php?rest_route=%2Fwp%2Fv2%2Ftags&post=2649"}],"curies":[{"name":"wp","href":"https:\/\/api.w.org\/{rel}","templated":true}]}}