{"id":1258,"date":"2016-03-31T10:52:05","date_gmt":"2016-03-31T08:52:05","guid":{"rendered":"https:\/\/www.cienciacognitiva.org\/?p=1258"},"modified":"2016-03-31T10:56:35","modified_gmt":"2016-03-31T08:56:35","slug":"mente-y-cerebro-jornadas-en-homenaje-a-pio-tudela","status":"publish","type":"post","link":"https:\/\/www.cienciacognitiva.org\/?p=1258","title":{"rendered":"Mente y Cerebro: Jornadas en Homenaje a P\u00edo Tudela"},"content":{"rendered":"<p>Grupo de Neurociencia Cognitiva<br \/>\nUniversidad de Granada, Espa\u00f1a<\/p>\n<div style=\"width: 310px\" class=\"wp-caption alignleft\"><img loading=\"lazy\" decoding=\"async\" class=\" \" alt=\"P\u00edo Tudela.\" src=\"https:\/\/www.cienciacognitiva.org\/files\/piotudela.jpg\" width=\"300\" height=\"200\" \/><p class=\"wp-caption-text\">P\u00edo Tudela.<\/p><\/div>\n<p>Granada, 7-8 de abril de 2016.<\/p>\n<p><!--more--><\/p>\n<p>El <a title=\"Grupo de Neurociencia Cognitiva de la UGR\" href=\"https:\/\/neurocog.ugr.es\" target=\"_blank\">Grupo de Neurociencia Cognitiva<\/a> de la UGR tiene el honor de organizar unas jornadas muy particulares, en homenaje del profesor P\u00edo Tudela, actualmente profesor em\u00e9rito. A lo largo de su dilatada carrera, P\u00edo Tudela ha jugado un papel central en la conformaci\u00f3n y desarrollo de la Psicolog\u00eda Experimental y la Neurociencia Cognitiva en Espa\u00f1a. As\u00ed le ha sido reconocido por la Universidad de Granada, que le otorg\u00f3 el Premio de Investigaci\u00f3n en Ciencias Sociales, y por la Sociedad Espa\u00f1ola de Psicolog\u00eda Experimental (SEPEX), que en su congreso de 2012 le rindi\u00f3 un c\u00e1lido homenaje y decidi\u00f3 denominar la conferencia plenaria que se ofrece en sus congresos anuales \u00abConferencia P\u00edo Tudela\u00bb.<\/p>\n<p>En aquella conferencia se decidi\u00f3 poner en marcha la publicaci\u00f3n de un libro que recogiera el estado actual de la investigaci\u00f3n sobre procesos b\u00e1sicos desde las perspectivas de la Psicolog\u00eda Experimental y la Neurociencia Cognitiva, que sirviese como continuaci\u00f3n y actualizaci\u00f3n del libro \u00abPsicolog\u00eda Experimental\u00bb que P\u00edo escribi\u00f3 y con el que tantos investigadores se han formado. Este libro ha sido publicado recientemente en Alianza Editorial con el t\u00edtulo \u00abMente y Cerebro. De la Psicolog\u00eda Experimental a la Neurociencia Cognitiva. P\u00edo Tudela: una trayectoria cient\u00edfica\u00bb.<\/p>\n<p>En estas jornadas, muchos de los autores de los cap\u00edtulos de este libro presentan breves conferencias que repasan el estado de la investigaci\u00f3n en sus respectivas \u00e1reas. A ello se unen conferencias plenarias de investigadores invitados con quien P\u00edo ha tenido estrecha relaci\u00f3n: Michael Posner, Silvia Bunge y Avishai Henik.<\/p>\n<p>Todos los detalles est\u00e1n disponibles en la web de las jornadas: <a title=\"Web de las jornadas\" href=\"https:\/\/menteycerebro-piotudela.weebly.com\" target=\"_blank\">https:\/\/menteycerebro-piotudela.weebly.com<\/a><\/p>\n<p>Abrazos.<\/p>\n","protected":false},"excerpt":{"rendered":"<p>Grupo de Neurociencia Cognitiva Universidad de Granada, Espa\u00f1a Granada, 7-8 de abril de 2016.<\/p>\n","protected":false},"author":4,"featured_media":0,"comment_status":"closed","ping_status":"closed","sticky":false,"template":"","format":"standard","meta":{"footnotes":""},"categories":[4,10,3],"tags":[],"class_list":["post-1258","post","type-post","status-publish","format-standard","hentry","category-neurociencia","category-noticias","category-psicologia"],"_links":{"self":[{"href":"https:\/\/www.cienciacognitiva.org\/index.php?rest_route=\/wp\/v2\/posts\/1258","targetHints":{"allow":["GET"]}}],"collection":[{"href":"https:\/\/www.cienciacognitiva.org\/index.php?rest_route=\/wp\/v2\/posts"}],"about":[{"href":"https:\/\/www.cienciacognitiva.org\/index.php?rest_route=\/wp\/v2\/types\/post"}],"author":[{"embeddable":true,"href":"https:\/\/www.cienciacognitiva.org\/index.php?rest_route=\/wp\/v2\/users\/4"}],"replies":[{"embeddable":true,"href":"https:\/\/www.cienciacognitiva.org\/index.php?rest_route=%2Fwp%2Fv2%2Fcomments&post=1258"}],"version-history":[{"count":4,"href":"https:\/\/www.cienciacognitiva.org\/index.php?rest_route=\/wp\/v2\/posts\/1258\/revisions"}],"predecessor-version":[{"id":1260,"href":"https:\/\/www.cienciacognitiva.org\/index.php?rest_route=\/wp\/v2\/posts\/1258\/revisions\/1260"}],"wp:attachment":[{"href":"https:\/\/www.cienciacognitiva.org\/index.php?rest_route=%2Fwp%2Fv2%2Fmedia&parent=1258"}],"wp:term":[{"taxonomy":"category","embeddable":true,"href":"https:\/\/www.cienciacognitiva.org\/index.php?rest_route=%2Fwp%2Fv2%2Fcategories&post=1258"},{"taxonomy":"post_tag","embeddable":true,"href":"https:\/\/www.cienciacognitiva.org\/index.php?rest_route=%2Fwp%2Fv2%2Ftags&post=1258"}],"curies":[{"name":"wp","href":"https:\/\/api.w.org\/{rel}","templated":true}]}}